{"id":4128,"date":"2017-12-21T11:55:53","date_gmt":"2017-12-21T10:55:53","guid":{"rendered":"https:\/\/www.powertechsystems.eu\/?p=4128"},"modified":"2018-11-19T12:22:50","modified_gmt":"2018-11-19T11:22:50","slug":"powertechsystems-participe-au-forum-international-de-la-robotique-agricole-fira","status":"publish","type":"post","link":"https:\/\/pt-sys.eu\/fr\/powertechsystems-participe-au-forum-international-de-la-robotique-agricole-fira\/","title":{"rendered":"PowerTechSystems participe au Forum International de la Robotique Agricole (FIRA) !"},"content":{"rendered":"<p align=\"justify\"><strong>La 2\u00e8me \u00e9dition du Forum International de la Robotique Agricole organis\u00e9 par <a href=\"https:\/\/www.naio-technologies.com\/\" rel=\"noopener\" target=\"_blank\">NAIO <\/a>aura lieu le 29 et 30 novembre 2017 \u00e0 Toulouse.<\/strong><\/p>\n<\/p>\n<h4>Novembre 2017<\/h4>\n<\/p>\n[su_custom_gallery source=\u00a0\u00bbmedia: 7346,7348&Prime; link=\u00a0\u00bblightbox\u00a0\u00bb width=\u00a0\u00bb140&Prime; height=\u00a0\u00bb140&Prime; title=\u00a0\u00bbnever\u00a0\u00bb]\n<p align=\"justify\">Cet \u00e9v\u00e8nement r\u00e9unit une vingtaine d\u2019exposants, sp\u00e9cialistes de l\u2019automatisation et de la robotique en agriculture parmi lesquels PowerTechSystems repr\u00e9sent\u00e9 par Cyril Bergeaud, Pr\u00e9sident Directeur G\u00e9n\u00e9ral et Olivier Lechable, Directeur des Op\u00e9rations.<\/p>\n<p align=\"justify\">2 journ\u00e9es d\u2019\u00e9changes et de d\u00e9couvertes en pr\u00e9sence d\u2019un certain nombre d\u2019experts que vous pouvez rencontrer parmi lesquels le : <\/p>\n[su_list icon=\u00a0\u00bbicon: circle-o\u00a0\u00bb icon_color=\u00a0\u00bb#59b77d\u00a0\u00bb]\n<ul>\n<li>Directeur du Centre National d\u2019Agriculture de Pr\u00e9cision, Simon Blackmore (Royaume-Uni),<\/li>\n<li>Co-fondateurs de <a href=\"https:\/\/www.naio-technologies.com\/\" rel=\"noopener\" target=\"_blank\">Na\u00efo Technologies<\/a>, Aymeric Barthes et Ga\u00ebtan Severac (France)<\/li>\n<li>Professeur en robotique \u00e0 l\u2019Universit\u00e9 des Sciences Humaines, Pal Joan From (Norv\u00e8ge)<\/li>\n<li>Membre du Directoire de CAPAGRO, Isabelle Monpert (France)<\/li>\n<li>Venture Analyst \u00e0 Anterra Capital, Dan HARBURG (Etats-Unis)<\/li>\n<li>Directeur de Recherche \u00e0 l\u2019IRSTEA, Roland Lenain (France)<\/li>\n<\/ul>\n[\/su_list]\n<p align=\"justify\">En 2025, l\u2019agriculture pourrait repr\u00e9senter le 2\u00e8me march\u00e9 de la robotique. Pour le comprendre et le conna\u00eetre davantage, des th\u00e9matiques essentielles y seront abord\u00e9es : <\/p>\n[su_list icon=\u00a0\u00bbicon: circle-o\u00a0\u00bb icon_color=\u00a0\u00bb#59b77d\u00a0\u00bb]\n<ul>\n<li>\u00ab Pourquoi les robots arrivent dans nos exploitations ? \u00bb, anim\u00e9e par Isabel B\u00e1ez Betancort, journaliste chez Medias Agricoles espagnols (Espagne)<\/li>\n<li>\u00ab P\u00e9nibilit\u00e9 du travail agricole \u00bb, anim\u00e9e par Ma\u00ebt Le Lan, Reponsable de la station exp\u00e9rimentale \u00e0 la Chambre d&rsquo;Agriculture de Bretagne (France)<\/li>\n<li>\u00ab Vers un nouveau Syst\u00e8me Agricole \u00bb, anim\u00e9 par Tobias Meyer, journaliste chez Traction Magazine (Allemagne)<\/li>\n<\/ul>\n[\/su_list]\n[su_divider top=\u00a0\u00bbno\u00a0\u00bb style=\u00a0\u00bbdefault\u00a0\u00bb divider_color=\u00a0\u00bb#1d5a4d\u00a0\u00bb size=\u00a0\u00bb1&Prime; margin=\u00a0\u00bb16&Prime;]\n<p align=\"justify\"><strong>Pour en savoir plus sur : <\/strong><\/p>\n<p align=\"justify\"><a href=\"https:\/\/www.naio-technologies.com\/Fira\/\" rel=\"noopener\" target=\"_blank\">Le salon FIRA<\/a><br \/>\n<a href=\"https:\/\/www.powertechsystems.eu\/fr\/home\/applications\/\" rel=\"noopener\" target=\"_blank\">Les applications d\u00e9di\u00e9es au Lithium-ion<\/a><br \/>\n<a href=\"https:\/\/www.powertechsystems.eu\/fr\/home\/produits\/pack-batterie-12v-lithium-powerbrick\/\" rel=\"noopener\" target=\"_blank\">Les solutions de stockage en Lithium-ion PowerTechSystems<\/a><\/p>\n","protected":false},"excerpt":{"rendered":"<p>La 2\u00e8me \u00e9dition du Forum International de la Robotique Agricole organis\u00e9 par NAIO aura lieu le 29 et 30 novembre 2017 \u00e0 Toulouse. Novembre 2017 [su_custom_gallery source=\u00a0\u00bbmedia: 7346,7348&Prime; link=\u00a0\u00bblightbox\u00a0\u00bb width=\u00a0\u00bb140&Prime; height=\u00a0\u00bb140&Prime; title=\u00a0\u00bbnever\u00a0\u00bb] Cet \u00e9v\u00e8nement r\u00e9unit une vingtaine d\u2019exposants, sp\u00e9cialistes de l\u2019automatisation et de la robotique en agriculture parmi lesquels PowerTechSystems repr\u00e9sent\u00e9 par Cyril Bergeaud, Pr\u00e9sident [&#8230;]\n","protected":false},"author":91,"featured_media":0,"comment_status":"closed","ping_status":"open","sticky":false,"template":"","format":"standard","meta":{"footnotes":""},"categories":[42,41],"tags":[82,69,86,91,96,44],"class_list":["post-4128","post","type-post","status-publish","format-standard","hentry","category-actualites","category-salle-de-presse","tag-exposition","tag-fira","tag-innovation-fr","tag-naio-fr","tag-robotique","tag-systemes-de-batteries-lithium-ion"],"_links":{"self":[{"href":"https:\/\/pt-sys.eu\/fr\/wp-json\/wp\/v2\/posts\/4128","targetHints":{"allow":["GET"]}}],"collection":[{"href":"https:\/\/pt-sys.eu\/fr\/wp-json\/wp\/v2\/posts"}],"about":[{"href":"https:\/\/pt-sys.eu\/fr\/wp-json\/wp\/v2\/types\/post"}],"author":[{"embeddable":true,"href":"https:\/\/pt-sys.eu\/fr\/wp-json\/wp\/v2\/users\/91"}],"replies":[{"embeddable":true,"href":"https:\/\/pt-sys.eu\/fr\/wp-json\/wp\/v2\/comments?post=4128"}],"version-history":[{"count":0,"href":"https:\/\/pt-sys.eu\/fr\/wp-json\/wp\/v2\/posts\/4128\/revisions"}],"wp:attachment":[{"href":"https:\/\/pt-sys.eu\/fr\/wp-json\/wp\/v2\/media?parent=4128"}],"wp:term":[{"taxonomy":"category","embeddable":true,"href":"https:\/\/pt-sys.eu\/fr\/wp-json\/wp\/v2\/categories?post=4128"},{"taxonomy":"post_tag","embeddable":true,"href":"https:\/\/pt-sys.eu\/fr\/wp-json\/wp\/v2\/tags?post=4128"}],"curies":[{"name":"wp","href":"https:\/\/api.w.org\/{rel}","templated":true}]}}