{"id":4163,"date":"2017-12-21T11:47:17","date_gmt":"2017-12-21T10:47:17","guid":{"rendered":"https:\/\/www.powertechsystems.eu\/?p=4163"},"modified":"2018-11-24T16:18:44","modified_gmt":"2018-11-24T15:18:44","slug":"save-date-powertech-systems-sera-present-au-salon-intersolar-ees-munich","status":"publish","type":"post","link":"https:\/\/pt-sys.eu\/fr\/save-date-powertech-systems-sera-present-au-salon-intersolar-ees-munich\/","title":{"rendered":"Save the date ! PowerTech Systems sera pr\u00e9sent au salon InterSolar EES, \u00e0 Munich"},"content":{"rendered":"<p><\/br><\/p>\n<\/p>\n<h4>May, 2017<\/h4>\n<\/p>\n<h3>InterSolar<\/h3>\n<p align=\"justify\"><strong>PowerTech Systems sera pr\u00e9sent <a href=\"https:\/\/www.intersolar.de\/en\/home.html\" rel=\"noopener\" target=\"_blank\"> au salon<\/a> InterSolar EES, \u00e0 Munich du 31 Mai au 2 Juin 2017. Venez nous rencontrer au Hall A3 \u2013 Stand 250 et en savoir plus sur : <\/strong><\/p>\n[su_list icon=\u00a0\u00bbicon: circle-o\u00a0\u00bb icon_color=\u00a0\u00bb#59b77d\u00a0\u00bb]\n<ul>\n<li><a href=\"https:\/\/www.powertechsystems.eu\/fr\/home\/about\/\">notre soci\u00e9t\u00e9<\/a>,<\/li>\n<li><a href=\"https:\/\/www.powertechsystems.eu\/category\/newsroom\/\">nos actualit\u00e9s<\/a>,<\/li>\n<li><a href=\"https:\/\/www.powertechsystems.eu\/fr\/home\/technique\/limitations-des-batteries-au-plomb\/\">nos techniques.<\/a><\/li>\n<\/ul>\n[\/su_list]\n<\/br><br \/>\n<img loading=\"lazy\" decoding=\"async\" src=\"https:\/\/www.powertechsystems.eu\/wp-content\/uploads\/2017\/07\/Intersolar-2017-300x91.png\" alt=\"PowerTech Systems pr\u00e9sent \u00e0 InterSolar 2017, Munich\" width=\"300\" height=\"91\" class=\"aligncenter size-medium wp-image-3676\" srcset=\"https:\/\/pt-sys.eu\/wp-content\/uploads\/sites\/1\/2017\/07\/Intersolar-2017-300x91.png 300w, https:\/\/pt-sys.eu\/wp-content\/uploads\/sites\/1\/2017\/07\/Intersolar-2017.png 407w\" sizes=\"auto, (max-width: 300px) 100vw, 300px\" \/><br \/>\n<\/br><br \/>\n[su_divider top=\u00a0\u00bbno\u00a0\u00bb style=\u00a0\u00bbdefault\u00a0\u00bb divider_color=\u00a0\u00bb#1d5a4d\u00a0\u00bb size=\u00a0\u00bb1&Prime; margin=\u00a0\u00bb16&Prime;]\n<p><strong>Focus on : <\/strong><\/p>\n<p align=\"justify\">Il s&rsquo;agit du <a href=\"https:\/\/www.intersolar.de\/en\/home.html\" rel=\"noopener\" target=\"_blank\">salon international des \u00e9nergies renouvelables<\/a> (photovolta\u00efques, technologies thermiques solaires, centrales solaires et <a href=\"https:\/\/www.powertechsystems.eu\/fr\/home\/applications\/\">autres applications<\/a>&#8230;). Depuis 26 ans, cette exposition est devenu la plateforme d&rsquo;industrie la plus importante pour les fabricants, les fournisseurs, les distributeurs, les prestataires de service et les associ\u00e9s dans l&rsquo;industrie solaire mondiale.<\/p>\n<p><strong>Voir aussi : <\/strong><br \/>\n<a href=\"https:\/\/www.powertechsystems.eu\/fr\/home\/technique\/la-technologie-lithium-fer-phosphate\/\">Lithium Fer Phosphate, \u00e9nergie renouvelable<\/a><br \/>\n<a href=\"https:\/\/www.powertechsystems.eu\/fr\/home\/applications-des-batteries-lithium-ion\/stockage-energie\/autoconsommation\/\">Autoconsommation avec stockage<\/a><br \/>\n<a href=\"https:\/\/www.powertechsystems.eu\/fr\/home\/applications-des-batteries-lithium-ion\/traction-et-emobilite\/\">Traction et E-mobilit\u00e9<\/a><br \/>\n<a href=\"https:\/\/www.powertechsystems.eu\/fr\/home\/applications-des-batteries-lithium-ion\/stockage-energie\/systeme-denergie-portable\/\">Syst\u00e8mes d&rsquo;\u00e9nergie portable<\/a><br \/>\n<a href=\"https:\/\/www.powertechsystems.eu\/fr\/home\/applications-des-batteries-lithium-ion\/autre\/batteries-lithium-ion-sur-mesure\/\">Batteries Lithium-ion sur mesure<\/a><\/p>\n","protected":false},"excerpt":{"rendered":"<p>May, 2017 InterSolar PowerTech Systems sera pr\u00e9sent au salon InterSolar EES, \u00e0 Munich du 31 Mai au 2 Juin 2017. Venez nous rencontrer au Hall A3 \u2013 Stand 250 et en savoir plus sur : [su_list icon=\u00a0\u00bbicon: circle-o\u00a0\u00bb icon_color=\u00a0\u00bb#59b77d\u00a0\u00bb] notre soci\u00e9t\u00e9, nos actualit\u00e9s, nos techniques. [\/su_list] [su_divider top=\u00a0\u00bbno\u00a0\u00bb style=\u00a0\u00bbdefault\u00a0\u00bb divider_color=\u00a0\u00bb#1d5a4d\u00a0\u00bb size=\u00a0\u00bb1&Prime; margin=\u00a0\u00bb16&Prime;] Focus on : [&#8230;]\n","protected":false},"author":91,"featured_media":0,"comment_status":"closed","ping_status":"open","sticky":false,"template":"","format":"standard","meta":{"footnotes":""},"categories":[42,41],"tags":[82],"class_list":["post-4163","post","type-post","status-publish","format-standard","hentry","category-actualites","category-salle-de-presse","tag-exposition"],"_links":{"self":[{"href":"https:\/\/pt-sys.eu\/fr\/wp-json\/wp\/v2\/posts\/4163","targetHints":{"allow":["GET"]}}],"collection":[{"href":"https:\/\/pt-sys.eu\/fr\/wp-json\/wp\/v2\/posts"}],"about":[{"href":"https:\/\/pt-sys.eu\/fr\/wp-json\/wp\/v2\/types\/post"}],"author":[{"embeddable":true,"href":"https:\/\/pt-sys.eu\/fr\/wp-json\/wp\/v2\/users\/91"}],"replies":[{"embeddable":true,"href":"https:\/\/pt-sys.eu\/fr\/wp-json\/wp\/v2\/comments?post=4163"}],"version-history":[{"count":0,"href":"https:\/\/pt-sys.eu\/fr\/wp-json\/wp\/v2\/posts\/4163\/revisions"}],"wp:attachment":[{"href":"https:\/\/pt-sys.eu\/fr\/wp-json\/wp\/v2\/media?parent=4163"}],"wp:term":[{"taxonomy":"category","embeddable":true,"href":"https:\/\/pt-sys.eu\/fr\/wp-json\/wp\/v2\/categories?post=4163"},{"taxonomy":"post_tag","embeddable":true,"href":"https:\/\/pt-sys.eu\/fr\/wp-json\/wp\/v2\/tags?post=4163"}],"curies":[{"name":"wp","href":"https:\/\/api.w.org\/{rel}","templated":true}]}}