{"id":4202,"date":"2017-12-21T11:40:59","date_gmt":"2017-12-21T10:40:59","guid":{"rendered":"https:\/\/www.powertechsystems.eu\/?p=4202"},"modified":"2018-11-12T00:57:41","modified_gmt":"2018-11-11T23:57:41","slug":"powertech-systems-fournisseur-de-batteries-pour-la-cop-22-de-marrakech","status":"publish","type":"post","link":"https:\/\/pt-sys.eu\/fr\/powertech-systems-fournisseur-de-batteries-pour-la-cop-22-de-marrakech\/","title":{"rendered":"PowerTech Systems, fournisseur de batteries pour la COP22 de Marrakech"},"content":{"rendered":"<p><\/br><\/p>\n<\/p>\n<h4>Janvier 2017<\/h4>\n<\/p>\n<p><a href=\"https:\/\/www.powertechsystems.eu\/wp-content\/uploads\/2016\/11\/images1-1.png\"><img loading=\"lazy\" decoding=\"async\" class=\"size-medium wp-image-3247 aligncenter\" src=\"https:\/\/www.powertechsystems.eu\/wp-content\/uploads\/2016\/11\/images1-1-300x179.png\" alt=\"images1\" width=\"300\" height=\"179\" srcset=\"https:\/\/pt-sys.eu\/wp-content\/uploads\/sites\/1\/2016\/11\/images1-1-300x179.png 300w, https:\/\/pt-sys.eu\/wp-content\/uploads\/sites\/1\/2016\/11\/images1-1.png 604w\" sizes=\"auto, (max-width: 300px) 100vw, 300px\" \/><\/a><\/p>\n<p align=\"justify\"><strong>La Conf\u00e9rence des Nations Unies pour le climat (COP22) a eu lieu \u00e0 Marrakech, du 7 au 18 Novembre.<\/strong><\/p>\n<p>\u00a0 <\/p>\n<p align=\"justify\">C&rsquo;est \u00e0 cette occasion tr\u00e8s sp\u00e9ciale que le jeune ing\u00e9nieur marocain Imad Morchid a choisi DE r\u00e9v\u00e9ler au monde son invention. R\u00e9volutionnaire, elle associe performance et design. Le v\u00e9hicule dispose d&rsquo;une motorisation 100% \u00e9lectrique et est en mesure de d\u00e9livrer des tr\u00e8s hautes puissances (jusqu&rsquo;\u00e0 160 CV).<\/p>\n<p align=\"justify\"><span class=\"pj\">Nous sommes fiers d&rsquo;annoncer notre participation \u00e0 ce projet, en ayant con\u00e7u et fabriqu\u00e9 le syst\u00e8me de batteries de du v\u00e9hicule.<br \/>\n<\/span><\/p>\n<p><a href=\"https:\/\/www.powertechsystems.eu\/wp-content\/uploads\/2016\/11\/100-Percent-Electric-Moroccan-Car-Presented-at-COP22.jpg\"><img loading=\"lazy\" decoding=\"async\" class=\"alignnone size-medium wp-image-3245\" src=\"https:\/\/www.powertechsystems.eu\/wp-content\/uploads\/2016\/11\/100-Percent-Electric-Moroccan-Car-Presented-at-COP22-300x225.jpg\" alt=\"100-percent-electric-moroccan-car-presented-at-cop22\" width=\"226\" height=\"225\" \/><\/a> <a href=\"https:\/\/www.powertechsystems.eu\/wp-content\/uploads\/2016\/11\/100-Percent-Electric-Moroccan-Car-Presented-at-COP22.-640x360-1.jpg\"><img loading=\"lazy\" decoding=\"async\" class=\"alignnone wp-image-3251\" src=\"https:\/\/www.powertechsystems.eu\/wp-content\/uploads\/2016\/11\/100-Percent-Electric-Moroccan-Car-Presented-at-COP22.-640x360-1-300x169.jpg\" alt=\"100-percent-electric-moroccan-car-presented-at-cop22-640x360\" width=\"300\" height=\"225\" \/><\/a><\/p>\n<p><\/br><br \/>\n[su_divider top=\u00a0\u00bbno\u00a0\u00bb style=\u00a0\u00bbdefault\u00a0\u00bb divider_color=\u00a0\u00bb#1d5a4d\u00a0\u00bb size=\u00a0\u00bb1&Prime; margin=\u00a0\u00bb16&Prime;]\n<a href=\"http:\/\/www.2m.ma\/fr\/news\/20161110-imad-morchid-inventeur-dune-voiture-100-electrique\/\">Cliquez ici pour plus d&rsquo;information sur le concept car<\/a><\/p>\n<p>Cliquez ici pour visiter le site officiel de la COP 22<\/p>\n","protected":false},"excerpt":{"rendered":"<p>Janvier 2017 La Conf\u00e9rence des Nations Unies pour le climat (COP22) a eu lieu \u00e0 Marrakech, du 7 au 18 Novembre. \u00a0 C&rsquo;est \u00e0 cette occasion tr\u00e8s sp\u00e9ciale que le jeune ing\u00e9nieur marocain Imad Morchid a choisi DE r\u00e9v\u00e9ler au monde son invention. R\u00e9volutionnaire, elle associe performance et design. Le v\u00e9hicule dispose d&rsquo;une motorisation 100% [&#8230;]\n","protected":false},"author":91,"featured_media":0,"comment_status":"closed","ping_status":"open","sticky":false,"template":"","format":"standard","meta":{"footnotes":""},"categories":[42,41],"tags":[75,59,76,62,86],"class_list":["post-4202","post","type-post","status-publish","format-standard","hentry","category-actualites","category-salle-de-presse","tag-100-electrique","tag-cop22","tag-cop22-fr","tag-innovation","tag-innovation-fr"],"_links":{"self":[{"href":"https:\/\/pt-sys.eu\/fr\/wp-json\/wp\/v2\/posts\/4202","targetHints":{"allow":["GET"]}}],"collection":[{"href":"https:\/\/pt-sys.eu\/fr\/wp-json\/wp\/v2\/posts"}],"about":[{"href":"https:\/\/pt-sys.eu\/fr\/wp-json\/wp\/v2\/types\/post"}],"author":[{"embeddable":true,"href":"https:\/\/pt-sys.eu\/fr\/wp-json\/wp\/v2\/users\/91"}],"replies":[{"embeddable":true,"href":"https:\/\/pt-sys.eu\/fr\/wp-json\/wp\/v2\/comments?post=4202"}],"version-history":[{"count":0,"href":"https:\/\/pt-sys.eu\/fr\/wp-json\/wp\/v2\/posts\/4202\/revisions"}],"wp:attachment":[{"href":"https:\/\/pt-sys.eu\/fr\/wp-json\/wp\/v2\/media?parent=4202"}],"wp:term":[{"taxonomy":"category","embeddable":true,"href":"https:\/\/pt-sys.eu\/fr\/wp-json\/wp\/v2\/categories?post=4202"},{"taxonomy":"post_tag","embeddable":true,"href":"https:\/\/pt-sys.eu\/fr\/wp-json\/wp\/v2\/tags?post=4202"}],"curies":[{"name":"wp","href":"https:\/\/api.w.org\/{rel}","templated":true}]}}