{"id":4241,"date":"2017-12-21T11:33:04","date_gmt":"2017-12-21T10:33:04","guid":{"rendered":"https:\/\/www.powertechsystems.eu\/?p=4241"},"modified":"2018-01-04T11:49:20","modified_gmt":"2018-01-04T10:49:20","slug":"batterie-lithium-ion-powerrack-de-500kwh-pour-le-marche-de-lenergie-en-allemagne","status":"publish","type":"post","link":"https:\/\/pt-sys.eu\/fr\/batterie-lithium-ion-powerrack-de-500kwh-pour-le-marche-de-lenergie-en-allemagne\/","title":{"rendered":"Batterie Lithium-Ion PowerRack de 500kWh pour le march\u00e9 de l&rsquo;\u00e9nergie en Allemagne"},"content":{"rendered":"<p><\/br><\/p>\n<\/p>\n<h4>Ao\u00fbt 2016<\/h4>\n<\/p>\n[su_custom_gallery source=\u00a0\u00bbmedia: 2925&Prime; link=\u00a0\u00bblightbox\u00a0\u00bb width=\u00a0\u00bb500&Prime; height=\u00a0\u00bb400&Prime; title=\u00a0\u00bbalways\u00a0\u00bb]\n<p>La photo ci-dessus repr\u00e9sente un syst\u00e8me de batterie Lithium-Ion a destination du march\u00e9 de l&rsquo;\u00e9nergie en Allemagne. Cela permet de g\u00e9rer des applications d&rsquo;effacement, de lissage et de r\u00e9gulation de fr\u00e9quence sur le r\u00e9seau \u00e9lectrique national.<\/p>\n<p align=\"justify\">Une autre version d&rsquo;une capacit\u00e9 de 1MWh est en cours d&rsquo;assemblage pour participer au besoin de r\u00e9serve primaire dans un autre pays Europ\u00e9en.<\/p>\n<p align=\"justify\">La batterie est bas\u00e9 sur le syst\u00e8me de batterie Lithium-Ion PowerRack qui embarque la technologie BMSMatrix\u00ae. Le syst\u00e8me intelligent BMSMatrix\u00ae permet un d\u00e9ploiement flexible et modulaire de syst\u00e8mes de batteries Lithium-Ion de puissance. Cette technologie permet de d\u00e9ployer et de contr\u00f4ler des syst\u00e8mes de batteries allant de 2.5kWh jusqu&rsquo;\u00e0 1MWh, de 48VDC \u00e0 1024VDC.<\/p>\n[su_divider top=\u00a0\u00bbno\u00a0\u00bb style=\u00a0\u00bbdefault\u00a0\u00bb divider_color=\u00a0\u00bb#1d5a4d\u00a0\u00bb size=\u00a0\u00bb1&Prime; margin=\u00a0\u00bb16&Prime;]\n<strong><\/p>\n<p>Plus d&rsquo;informations :<\/strong><br \/>\n<a href=\"https:\/\/www.powertechsystems.eu\/fr\/home\/produits\/powerrack-systeme-modulaire-de-stockage-lithium-ion\/\">le syst\u00e8me PowerRack<\/a><\/p>\n","protected":false},"excerpt":{"rendered":"<p>Ao\u00fbt 2016 [su_custom_gallery source=\u00a0\u00bbmedia: 2925&Prime; link=\u00a0\u00bblightbox\u00a0\u00bb width=\u00a0\u00bb500&Prime; height=\u00a0\u00bb400&Prime; title=\u00a0\u00bbalways\u00a0\u00bb] La photo ci-dessus repr\u00e9sente un syst\u00e8me de batterie Lithium-Ion a destination du march\u00e9 de l&rsquo;\u00e9nergie en Allemagne. Cela permet de g\u00e9rer des applications d&rsquo;effacement, de lissage et de r\u00e9gulation de fr\u00e9quence sur le r\u00e9seau \u00e9lectrique national. Une autre version d&rsquo;une capacit\u00e9 de 1MWh est en cours [&#8230;]\n","protected":false},"author":91,"featured_media":0,"comment_status":"closed","ping_status":"open","sticky":false,"template":"","format":"standard","meta":{"footnotes":""},"categories":[42,41],"tags":[88,81,44,121],"class_list":["post-4241","post","type-post","status-publish","format-standard","hentry","category-actualites","category-salle-de-presse","tag-lithium-fer-phosphate","tag-pays-europeens","tag-systemes-de-batteries-lithium-ion","tag-utility-grid-fr"],"_links":{"self":[{"href":"https:\/\/pt-sys.eu\/fr\/wp-json\/wp\/v2\/posts\/4241","targetHints":{"allow":["GET"]}}],"collection":[{"href":"https:\/\/pt-sys.eu\/fr\/wp-json\/wp\/v2\/posts"}],"about":[{"href":"https:\/\/pt-sys.eu\/fr\/wp-json\/wp\/v2\/types\/post"}],"author":[{"embeddable":true,"href":"https:\/\/pt-sys.eu\/fr\/wp-json\/wp\/v2\/users\/91"}],"replies":[{"embeddable":true,"href":"https:\/\/pt-sys.eu\/fr\/wp-json\/wp\/v2\/comments?post=4241"}],"version-history":[{"count":0,"href":"https:\/\/pt-sys.eu\/fr\/wp-json\/wp\/v2\/posts\/4241\/revisions"}],"wp:attachment":[{"href":"https:\/\/pt-sys.eu\/fr\/wp-json\/wp\/v2\/media?parent=4241"}],"wp:term":[{"taxonomy":"category","embeddable":true,"href":"https:\/\/pt-sys.eu\/fr\/wp-json\/wp\/v2\/categories?post=4241"},{"taxonomy":"post_tag","embeddable":true,"href":"https:\/\/pt-sys.eu\/fr\/wp-json\/wp\/v2\/tags?post=4241"}],"curies":[{"name":"wp","href":"https:\/\/api.w.org\/{rel}","templated":true}]}}