{"id":5319,"date":"2018-04-17T14:52:40","date_gmt":"2018-04-17T13:52:40","guid":{"rendered":"https:\/\/www.powertechsystems.eu\/?p=5319"},"modified":"2018-11-11T11:17:45","modified_gmt":"2018-11-11T10:17:45","slug":"powertech-systems-fait-desormais-parti-de-la-french-tech","status":"publish","type":"post","link":"https:\/\/pt-sys.eu\/fr\/powertech-systems-fait-desormais-parti-de-la-french-tech\/","title":{"rendered":"PowerTech Systems fait d\u00e9sormais partie de la French Tech"},"content":{"rendered":"[su_divider top=\u00a0\u00bbno\u00a0\u00bb style=\u00a0\u00bbdefault\u00a0\u00bb divider_color=\u00a0\u00bb#1d5a4d\u00a0\u00bb size=\u00a0\u00bb1&Prime; margin=\u00a0\u00bb16&Prime;]\n[su_pullquote]<img loading=\"lazy\" decoding=\"async\" src=\"https:\/\/www.powertechsystems.eu\/wp-content\/uploads\/2018\/11\/FrenchTech-300x179.png\" alt=\"PowerTech Systems joins French Tech community\" width=\"300\" height=\"179\" class=\"aligncenter size-medium wp-image-7068\" srcset=\"https:\/\/pt-sys.eu\/wp-content\/uploads\/sites\/1\/2018\/11\/FrenchTech-300x179.png 300w, https:\/\/pt-sys.eu\/wp-content\/uploads\/sites\/1\/2018\/11\/FrenchTech-768x457.png 768w, https:\/\/pt-sys.eu\/wp-content\/uploads\/sites\/1\/2018\/11\/FrenchTech.png 840w\" sizes=\"auto, (max-width: 300px) 100vw, 300px\" \/>[\/su_pullquote]\n<p><strong>Poissy, le 17 Avril 2018<\/strong><\/p>\n<p><strong><\/p>\n<p align=\"justify\">Le fabricant fran\u00e7ais PowerTech Systems, sp\u00e9cialis\u00e9 dans la conception de syst\u00e8mes de stockage d\u2019\u00e9nergie Lithium-Ion,  int\u00e8gre le mouvement \u00ab\u00a0French Tech\u00a0\u00bb, l\u2019\u00e9cosyst\u00e8me des start-ups fran\u00e7aises en France et \u00e0 l\u2019International. <\/p>\n<p><\/strong><\/p>\n<p align=\"justify\">La \u00ab French Tech \u00bb d\u00e9signe tous ceux qui travaillent dans ou pour les start-ups fran\u00e7aises en France ou \u00e0 l\u2019\u00e9tranger. Convaincu qu\u2019il faut favoriser en France l\u2019\u00e9mergence de start-up \u00e0 succ\u00e8s pour g\u00e9n\u00e9rer innovation, valeur \u00e9conomique et nouveaux emplois, le Gouvernement a cr\u00e9\u00e9 cette initiative en 2013. <\/p>\n<p align=\"justify\">Le principe est simple : s\u2019appuyer sur les initiatives des membres de la French Tech eux-m\u00eames, mettre en valeur ce qui existe d\u00e9j\u00e0, pour faire de plus en plus grandir et \u00e9voluer la marque. <\/p>\n<p align=\"justify\">A son tour, PowerTech Systems s\u2019engage \u00e0 participer \u00e0 cette initiative collective. PowerTech Systems porte d\u00e9sormais haut, un \u00e9tendard commun \u00e0 la fois aux membres du mouvement et \u00e0 l&rsquo;Etat qui soutient les entreprises innovantes. <\/p>\n<p align=\"justify\">La valeur French Tech est \u00e0 construire collectivement aupr\u00e8s de tous les acteurs fran\u00e7ais (acteurs publics, media, grand public, grands groupes, instituts de recherche, associations, etc\u2026). <\/p>\n[su_quote]Nous sommes tr\u00e8s fiers de participer \u00e0 l&rsquo;initiative French Tech, qui met en avant l&rsquo;innovation, la technicit\u00e9 et l&rsquo;expertise de nos techniciens et ing\u00e9nieurs sur notre territoire. Adh\u00e9rer \u00e0 ce mouvement, c&rsquo;est aussi pour nous une mani\u00e8re de mettre en exergue la qualit\u00e9 de nos formations scientifiques et techniques, ainsi que  l&rsquo;enthousiasme de nos collaborateurs pour sans cesse innover.<\/p>\n<p>Cyril Bergeaud, Fondateur et Pr\u00e9sident[\/su_quote]\n","protected":false},"excerpt":{"rendered":"[su_divider top=\u00a0\u00bbno\u00a0\u00bb style=\u00a0\u00bbdefault\u00a0\u00bb divider_color=\u00a0\u00bb#1d5a4d\u00a0\u00bb size=\u00a0\u00bb1&Prime; margin=\u00a0\u00bb16&Prime;] [su_pullquote][\/su_pullquote] Poissy, le 17 Avril 2018 Le fabricant fran\u00e7ais PowerTech Systems, sp\u00e9cialis\u00e9 dans la conception de syst\u00e8mes de stockage d\u2019\u00e9nergie Lithium-Ion, int\u00e8gre le mouvement \u00ab\u00a0French Tech\u00a0\u00bb, l\u2019\u00e9cosyst\u00e8me des start-ups fran\u00e7aises en France et \u00e0 l\u2019International. La \u00ab French Tech \u00bb d\u00e9signe tous ceux qui travaillent dans ou pour les [&#8230;]\n","protected":false},"author":91,"featured_media":0,"comment_status":"closed","ping_status":"open","sticky":false,"template":"","format":"standard","meta":{"footnotes":""},"categories":[42,41],"tags":[86,97],"class_list":["post-5319","post","type-post","status-publish","format-standard","hentry","category-actualites","category-salle-de-presse","tag-innovation-fr","tag-smartenergie"],"_links":{"self":[{"href":"https:\/\/pt-sys.eu\/fr\/wp-json\/wp\/v2\/posts\/5319","targetHints":{"allow":["GET"]}}],"collection":[{"href":"https:\/\/pt-sys.eu\/fr\/wp-json\/wp\/v2\/posts"}],"about":[{"href":"https:\/\/pt-sys.eu\/fr\/wp-json\/wp\/v2\/types\/post"}],"author":[{"embeddable":true,"href":"https:\/\/pt-sys.eu\/fr\/wp-json\/wp\/v2\/users\/91"}],"replies":[{"embeddable":true,"href":"https:\/\/pt-sys.eu\/fr\/wp-json\/wp\/v2\/comments?post=5319"}],"version-history":[{"count":0,"href":"https:\/\/pt-sys.eu\/fr\/wp-json\/wp\/v2\/posts\/5319\/revisions"}],"wp:attachment":[{"href":"https:\/\/pt-sys.eu\/fr\/wp-json\/wp\/v2\/media?parent=5319"}],"wp:term":[{"taxonomy":"category","embeddable":true,"href":"https:\/\/pt-sys.eu\/fr\/wp-json\/wp\/v2\/categories?post=5319"},{"taxonomy":"post_tag","embeddable":true,"href":"https:\/\/pt-sys.eu\/fr\/wp-json\/wp\/v2\/tags?post=5319"}],"curies":[{"name":"wp","href":"https:\/\/api.w.org\/{rel}","templated":true}]}}